{"id":11663,"date":"2022-02-08T03:50:00","date_gmt":"2022-02-08T08:50:00","guid":{"rendered":"https:\/\/www.servsig.org\/wordpress\/?p=11663"},"modified":"2022-03-19T23:35:03","modified_gmt":"2022-03-20T03:35:03","slug":"impressions-from-quis17","status":"publish","type":"post","link":"https:\/\/www.servsig.org\/wordpress\/2022\/02\/impressions-from-quis17\/","title":{"rendered":"Impressions from QUIS17"},"content":{"rendered":"\n<figure class=\"wp-block-image size-large\"><img loading=\"lazy\" decoding=\"async\" width=\"1024\" height=\"768\" src=\"https:\/\/www.servsig.org\/wordpress\/wp-content\/uploads\/2022\/01\/QUIS17-3-1024x768.jpeg\" alt=\"\" class=\"wp-image-11675\" srcset=\"https:\/\/www.servsig.org\/wordpress\/wp-content\/uploads\/2022\/01\/QUIS17-3-1024x768.jpeg 1024w, https:\/\/www.servsig.org\/wordpress\/wp-content\/uploads\/2022\/01\/QUIS17-3-300x225.jpeg 300w, https:\/\/www.servsig.org\/wordpress\/wp-content\/uploads\/2022\/01\/QUIS17-3-768x576.jpeg 768w, https:\/\/www.servsig.org\/wordpress\/wp-content\/uploads\/2022\/01\/QUIS17-3-1536x1152.jpeg 1536w, https:\/\/www.servsig.org\/wordpress\/wp-content\/uploads\/2022\/01\/QUIS17-3-2048x1536.jpeg 2048w\" sizes=\"(max-width: 1024px) 100vw, 1024px\" \/><\/figure>\n\n\n\n<p><em>Guest article by Per Kristensson (repost from <a href=\"https:\/\/blogs.hanken.fi\/cers\/2022\/01\/21\/impressions-from-quis-17\/\">Hanken&#8217;s blog<\/a>).<\/em><\/p>\n\n\n\n<p>In 1988 a small group of researchers from Sweden and US decided that they would meet and talk about their challenges in terms of research on service organizations. Service was, back then, a niche topic with only a smaller number of scholars and companies interested. Few of them, I believe, visualized that this international meeting still would be going on, and even defy a worldwide pandemic, for the 17<sup>th<\/sup>&nbsp;time in the beginning of 2022.&nbsp;<\/p>\n\n\n\n<p>For well-known reasons <a href=\"https:\/\/www.servsig.org\/wordpress\/2021\/09\/quis-2022-valencia\/\" target=\"_blank\" rel=\"noreferrer noopener\" aria-label=\"QUIS17 (opens in a new tab)\">QUIS17<\/a> was a smaller conference in terms of numbers in comparison to the normal QUIS-conferences that we have had. I estimate that we were around 80-90 persons this time and that approximately 30-40 persons participated online during the two-day conference.&nbsp;<\/p>\n\n\n\n<figure class=\"wp-block-image size-large\"><img loading=\"lazy\" decoding=\"async\" width=\"1024\" height=\"744\" src=\"https:\/\/www.servsig.org\/wordpress\/wp-content\/uploads\/2022\/01\/QUIS17-1-1024x744.png\" alt=\"\" class=\"wp-image-11665\" srcset=\"https:\/\/www.servsig.org\/wordpress\/wp-content\/uploads\/2022\/01\/QUIS17-1-1024x744.png 1024w, https:\/\/www.servsig.org\/wordpress\/wp-content\/uploads\/2022\/01\/QUIS17-1-300x218.png 300w, https:\/\/www.servsig.org\/wordpress\/wp-content\/uploads\/2022\/01\/QUIS17-1-768x558.png 768w, https:\/\/www.servsig.org\/wordpress\/wp-content\/uploads\/2022\/01\/QUIS17-1-1536x1116.png 1536w, https:\/\/www.servsig.org\/wordpress\/wp-content\/uploads\/2022\/01\/QUIS17-1-2048x1488.png 2048w\" sizes=\"(max-width: 1024px) 100vw, 1024px\" \/><\/figure>\n\n\n\n<p>The venue for QUIS17 was the beautiful city of Valencia and more precisely the <strong>Universitat Polit\u00e8cnico de Val\u00e8ncia (UPV)<\/strong> where Mariaval Segarra-O\u00f1a and \u00c1ngel Peir\u00f3 Signes were hosts. Rohit Verma and myself (Per Kristensson) participated as co-hosts for QUIS as <strong>Cornell University<\/strong> and <strong>Karlstad University<\/strong> represents the founding universities for QUIS.&nbsp;<\/p>\n\n\n\n<p>The conference was, as always, a perfect combination of people who wanted to share their research, but also support in terms of ideas and affirmation, to other researchers. The welcoming and open climate has always been a hallmark of QUIS. <\/p>\n\n\n\n<div class=\"wp-block-image\"><figure class=\"alignright size-full is-resized\"><img loading=\"lazy\" decoding=\"async\" src=\"https:\/\/www.servsig.org\/wordpress\/wp-content\/uploads\/2022\/01\/QUIS17-2.png\" alt=\"\" class=\"wp-image-11666\" width=\"333\" height=\"468\" srcset=\"https:\/\/www.servsig.org\/wordpress\/wp-content\/uploads\/2022\/01\/QUIS17-2.png 666w, https:\/\/www.servsig.org\/wordpress\/wp-content\/uploads\/2022\/01\/QUIS17-2-213x300.png 213w\" sizes=\"(max-width: 333px) 100vw, 333px\" \/><\/figure><\/div>\n\n\n\n<p>Another important hallmark, a reoccurring characteristic of QUIS, regards the mix of business and public organizations and researchers. Unlike other conferences, service conferences have always been careful about the situation that research should do the wider society a service, namely by helping various organizations with the challenges they are facing. This year, we therefore took part of how Corona had affected the hotel industry and the airline business in the region, and also how new jeans are produced in an ecological and sustainable way.&nbsp;<\/p>\n\n\n\n<p>In terms of research presentations my choice many times fell on the many interesting cases of <strong>ecosystems<\/strong> and <strong>sustainability<\/strong>. These two concepts, that also fit well together, were the more prominent ones that I remember from listening to concurrent sessions. Ecosystems implies a systemic view where value is cocreated within multi-actor exchange systems. The meaning of ecosystems, examples of it in different sectors, and its relevance for a sustainable future was discussed at the presentations I attended. In terms of sustainability the feeling is that this area, for a number of years to come, will play the same importance for service researchers as concepts as loyalty or encounters previously has played.&nbsp;<\/p>\n\n\n\n<div class=\"wp-block-image\"><figure class=\"alignright size-medium\"><img loading=\"lazy\" decoding=\"async\" width=\"300\" height=\"225\" src=\"https:\/\/www.servsig.org\/wordpress\/wp-content\/uploads\/2022\/01\/QUIS17-2022-01-20-18.34.22-300x225.jpg\" alt=\"\" class=\"wp-image-11667\" srcset=\"https:\/\/www.servsig.org\/wordpress\/wp-content\/uploads\/2022\/01\/QUIS17-2022-01-20-18.34.22-300x225.jpg 300w, https:\/\/www.servsig.org\/wordpress\/wp-content\/uploads\/2022\/01\/QUIS17-2022-01-20-18.34.22.jpg 750w\" sizes=\"(max-width: 300px) 100vw, 300px\" \/><\/figure><\/div>\n\n\n\n<p>Summing up I note that service research really has made the move that was called out by Steve Vargo and Bob Lusch in 2004. Service is not a niche field anymore, the number of sectors that was researched, the influence of different academic perspectives, the plethora of scientific methods, all point to the fact that service today is a perspective on how individuals, organizations and societies create value. With these impressions in mind, I left the beautiful city of Valencia with feeling very good.&nbsp;<\/p>\n\n\n\n<hr class=\"wp-block-separator\"\/>\n\n\n\n<div class=\"wp-block-image\"><figure class=\"alignleft size-medium is-resized\"><img loading=\"lazy\" decoding=\"async\" src=\"https:\/\/www.servsig.org\/wordpress\/wp-content\/uploads\/2016\/10\/PelleK2016_1-1-300x200.jpg\" alt=\"\" class=\"wp-image-3783\" width=\"150\" height=\"100\" srcset=\"https:\/\/www.servsig.org\/wordpress\/wp-content\/uploads\/2016\/10\/PelleK2016_1-1-300x200.jpg 300w, https:\/\/www.servsig.org\/wordpress\/wp-content\/uploads\/2016\/10\/PelleK2016_1-1-768x512.jpg 768w, https:\/\/www.servsig.org\/wordpress\/wp-content\/uploads\/2016\/10\/PelleK2016_1-1-1024x683.jpg 1024w, https:\/\/www.servsig.org\/wordpress\/wp-content\/uploads\/2016\/10\/PelleK2016_1-1.jpg 1440w\" sizes=\"(max-width: 150px) 100vw, 150px\" \/><\/figure><\/div>\n\n\n\n<p>Per Kristensson<br \/>Professor and director of Service Research Center (CTF), Karlstad University&nbsp;<br \/>CERS Senior fellow, Hanken School of Economics<br \/><br \/><br \/><\/p>\n\n\n\n<pre class=\"wp-block-preformatted\">Pictures: Daniel Catal\u00e1.<\/pre>\n","protected":false},"excerpt":{"rendered":"<p>Guest article by Per Kristensson (repost from Hanken&#8217;s blog). In 1988 a small group of researchers from Sweden and US decided that they would meet and talk about their challenges in terms of research on service organizations. Service was, back then, a niche topic with only a smaller number of scholars and companies interested. Few [&hellip;]<\/p>\n","protected":false},"author":12,"featured_media":11675,"comment_status":"open","ping_status":"open","sticky":false,"template":"","format":"standard","meta":{"footnotes":""},"categories":[6,10],"tags":[885,852,886],"_links":{"self":[{"href":"https:\/\/www.servsig.org\/wordpress\/wp-json\/wp\/v2\/posts\/11663"}],"collection":[{"href":"https:\/\/www.servsig.org\/wordpress\/wp-json\/wp\/v2\/posts"}],"about":[{"href":"https:\/\/www.servsig.org\/wordpress\/wp-json\/wp\/v2\/types\/post"}],"author":[{"embeddable":true,"href":"https:\/\/www.servsig.org\/wordpress\/wp-json\/wp\/v2\/users\/12"}],"replies":[{"embeddable":true,"href":"https:\/\/www.servsig.org\/wordpress\/wp-json\/wp\/v2\/comments?post=11663"}],"version-history":[{"count":7,"href":"https:\/\/www.servsig.org\/wordpress\/wp-json\/wp\/v2\/posts\/11663\/revisions"}],"predecessor-version":[{"id":11684,"href":"https:\/\/www.servsig.org\/wordpress\/wp-json\/wp\/v2\/posts\/11663\/revisions\/11684"}],"wp:featuredmedia":[{"embeddable":true,"href":"https:\/\/www.servsig.org\/wordpress\/wp-json\/wp\/v2\/media\/11675"}],"wp:attachment":[{"href":"https:\/\/www.servsig.org\/wordpress\/wp-json\/wp\/v2\/media?parent=11663"}],"wp:term":[{"taxonomy":"category","embeddable":true,"href":"https:\/\/www.servsig.org\/wordpress\/wp-json\/wp\/v2\/categories?post=11663"},{"taxonomy":"post_tag","embeddable":true,"href":"https:\/\/www.servsig.org\/wordpress\/wp-json\/wp\/v2\/tags?post=11663"}],"curies":[{"name":"wp","href":"https:\/\/api.w.org\/{rel}","templated":true}]}}